{"id":145,"date":"2017-12-12T15:01:56","date_gmt":"2017-12-12T15:01:56","guid":{"rendered":"http:\/\/x3transport.com.br\/blog\/?p=145"},"modified":"2017-12-12T15:01:56","modified_gmt":"2017-12-12T15:01:56","slug":"mdf-e-parana","status":"publish","type":"post","link":"http:\/\/x3transport.com.br\/blog\/mdf-e-parana\/","title":{"rendered":"MDF-e &#8211; Paran\u00e1"},"content":{"rendered":"<p><a href=\"http:\/\/x3transport.com.br\/blog\/wp-content\/uploads\/2017\/12\/mdfepr.png\"><img loading=\"lazy\" class=\"alignnone  wp-image-146\" src=\"http:\/\/x3transport.com.br\/blog\/wp-content\/uploads\/2017\/12\/mdfepr-300x250.png\" alt=\"\" width=\"700\" height=\"583\" srcset=\"http:\/\/x3transport.com.br\/blog\/wp-content\/uploads\/2017\/12\/mdfepr-300x250.png 300w, http:\/\/x3transport.com.br\/blog\/wp-content\/uploads\/2017\/12\/mdfepr-768x640.png 768w, http:\/\/x3transport.com.br\/blog\/wp-content\/uploads\/2017\/12\/mdfepr-1024x853.png 1024w, http:\/\/x3transport.com.br\/blog\/wp-content\/uploads\/2017\/12\/mdfepr.png 1200w\" sizes=\"(max-width: 700px) 100vw, 700px\" \/><\/a><\/p>\n<p>A partir do m\u00eas de fevereiro de 2018 os contribuinte do estado do Paran\u00e1 devem iniciar a emiss\u00e3o de MDF-e tamb\u00e9m para opera\u00e7\u00f5es internas, ou seja, para fretes que iniciem e finalizem dentro do estado do Paran\u00e1. A nova medida est\u00e1 valendo a partir do 1\u00ba dia fevereiro de 2018, segundo a Norma de Procedimento Fiscal N. 123\/2017, publicado no DOE 10078 de 30\/11\/2017 dispon\u00edvel em <a href=\"http:\/\/www.sefanet.pr.gov.br\/dados\/SEFADOCUMENTOS\/103201700123.pdf\">www.sefanet.pr.gov.br .<\/a><\/p>\n<p>Abaixo segue as datas referente as obrigatoriedades da utiliza\u00e7\u00e3o do MDF-e.<\/p>\n<p>01\/02\/2018 &#8211; Transportadores emitentes de CT-e.<\/p>\n<p>02\/04\/2018 &#8211; Emitentes de NF-e para transporte de bens pr\u00f3prios, n\u00e3o optantes pelo Simples Nacional.<\/p>\n<p>01\/06\/2018 &#8211; Emitentes de NF-e para transporte de bens pr\u00f3prios, optantes pelo Simples Nacional.<\/p>\n<p>Sistema <a href=\"http:\/\/www.x3transport.com.br\">x3 Transport<\/a> emite sua MDF-e de forma autom\u00e1tica a partir do CT-e ou NF-e e sem complica\u00e7\u00f5es.<\/p>\n","protected":false},"excerpt":{"rendered":"<p>A partir do m\u00eas de fevereiro de 2018 os contribuinte do estado do Paran\u00e1 devem iniciar a emiss\u00e3o de MDF-e tamb\u00e9m para opera\u00e7\u00f5es internas, ou seja, para fretes que iniciem e finalizem dentro do estado do Paran\u00e1. A nova medida est\u00e1 valendo a partir do 1\u00ba dia fevereiro de 2018, segundo a Norma de Procedimento [&hellip;]<\/p>\n","protected":false},"author":1,"featured_media":0,"comment_status":"open","ping_status":"open","sticky":false,"template":"","format":"standard","meta":[],"categories":[11],"tags":[5,17,13],"yoast_head":"<!-- This site is optimized with the Yoast SEO plugin v18.2 - https:\/\/yoast.com\/wordpress\/plugins\/seo\/ -->\n<title>MDF-e - Paran\u00e1 -<\/title>\n<meta name=\"robots\" content=\"index, follow, max-snippet:-1, max-image-preview:large, max-video-preview:-1\" \/>\n<link rel=\"canonical\" href=\"http:\/\/x3transport.com.br\/blog\/mdf-e-parana\/\" \/>\n<meta property=\"og:locale\" content=\"pt_BR\" \/>\n<meta property=\"og:type\" content=\"article\" \/>\n<meta property=\"og:title\" content=\"MDF-e - Obrigat\u00f3rio no Paran\u00e1\" \/>\n<meta property=\"og:description\" content=\"A partir de 01\/02\/2018 as opera\u00e7\u00f5es de transporte interna obriga ao emitente de CT-e a emitir tamb\u00e9m o MDF-e para acompanhar a carga.\" \/>\n<meta property=\"og:url\" content=\"http:\/\/x3transport.com.br\/blog\/mdf-e-parana\/\" \/>\n<meta property=\"article:publisher\" content=\"https:\/\/www.facebook.com\/x3Transport\/\" \/>\n<meta property=\"article:published_time\" content=\"2017-12-12T15:01:56+00:00\" \/>\n<meta property=\"og:image\" content=\"http:\/\/x3transport.com.br\/blog\/wp-content\/uploads\/2017\/12\/mdfepr.png\" \/>\n\t<meta property=\"og:image:width\" content=\"1200\" \/>\n\t<meta property=\"og:image:height\" content=\"1000\" \/>\n\t<meta property=\"og:image:type\" content=\"image\/png\" \/>\n<meta name=\"twitter:card\" content=\"summary\" \/>\n<meta name=\"twitter:label1\" content=\"Escrito por\" \/>\n\t<meta name=\"twitter:data1\" content=\"x3transport\" \/>\n\t<meta name=\"twitter:label2\" content=\"Est. tempo de leitura\" \/>\n\t<meta name=\"twitter:data2\" content=\"1 minuto\" \/>\n<script type=\"application\/ld+json\" class=\"yoast-schema-graph\">{\"@context\":\"https:\/\/schema.org\",\"@graph\":[{\"@type\":\"Organization\",\"@id\":\"http:\/\/x3transport.com.br\/blog\/#organization\",\"name\":\"x3 Transport\",\"url\":\"http:\/\/x3transport.com.br\/blog\/\",\"sameAs\":[\"https:\/\/www.facebook.com\/x3Transport\/\",\"https:\/\/www.instagram.com\/x3transport\/\"],\"logo\":{\"@type\":\"ImageObject\",\"@id\":\"http:\/\/x3transport.com.br\/blog\/#logo\",\"inLanguage\":\"pt-BR\",\"url\":\"http:\/\/x3transport.com.br\/blog\/wp-content\/uploads\/2017\/11\/logo.png\",\"contentUrl\":\"http:\/\/x3transport.com.br\/blog\/wp-content\/uploads\/2017\/11\/logo.png\",\"width\":399,\"height\":281,\"caption\":\"x3 Transport\"},\"image\":{\"@id\":\"http:\/\/x3transport.com.br\/blog\/#logo\"}},{\"@type\":\"WebSite\",\"@id\":\"http:\/\/x3transport.com.br\/blog\/#website\",\"url\":\"http:\/\/x3transport.com.br\/blog\/\",\"name\":\"\",\"description\":\"x3 Transport\",\"publisher\":{\"@id\":\"http:\/\/x3transport.com.br\/blog\/#organization\"},\"potentialAction\":[{\"@type\":\"SearchAction\",\"target\":{\"@type\":\"EntryPoint\",\"urlTemplate\":\"http:\/\/x3transport.com.br\/blog\/?s={search_term_string}\"},\"query-input\":\"required name=search_term_string\"}],\"inLanguage\":\"pt-BR\"},{\"@type\":\"ImageObject\",\"@id\":\"http:\/\/x3transport.com.br\/blog\/mdf-e-parana\/#primaryimage\",\"inLanguage\":\"pt-BR\",\"url\":\"http:\/\/x3transport.com.br\/blog\/wp-content\/uploads\/2017\/12\/mdfepr.png\",\"contentUrl\":\"http:\/\/x3transport.com.br\/blog\/wp-content\/uploads\/2017\/12\/mdfepr.png\",\"width\":1200,\"height\":1000},{\"@type\":\"WebPage\",\"@id\":\"http:\/\/x3transport.com.br\/blog\/mdf-e-parana\/#webpage\",\"url\":\"http:\/\/x3transport.com.br\/blog\/mdf-e-parana\/\",\"name\":\"MDF-e - Paran\u00e1 -\",\"isPartOf\":{\"@id\":\"http:\/\/x3transport.com.br\/blog\/#website\"},\"primaryImageOfPage\":{\"@id\":\"http:\/\/x3transport.com.br\/blog\/mdf-e-parana\/#primaryimage\"},\"datePublished\":\"2017-12-12T15:01:56+00:00\",\"dateModified\":\"2017-12-12T15:01:56+00:00\",\"breadcrumb\":{\"@id\":\"http:\/\/x3transport.com.br\/blog\/mdf-e-parana\/#breadcrumb\"},\"inLanguage\":\"pt-BR\",\"potentialAction\":[{\"@type\":\"ReadAction\",\"target\":[\"http:\/\/x3transport.com.br\/blog\/mdf-e-parana\/\"]}]},{\"@type\":\"BreadcrumbList\",\"@id\":\"http:\/\/x3transport.com.br\/blog\/mdf-e-parana\/#breadcrumb\",\"itemListElement\":[{\"@type\":\"ListItem\",\"position\":1,\"name\":\"In\u00edcio\",\"item\":\"http:\/\/x3transport.com.br\/blog\/\"},{\"@type\":\"ListItem\",\"position\":2,\"name\":\"MDF-e &#8211; Paran\u00e1\"}]},{\"@type\":\"Article\",\"@id\":\"http:\/\/x3transport.com.br\/blog\/mdf-e-parana\/#article\",\"isPartOf\":{\"@id\":\"http:\/\/x3transport.com.br\/blog\/mdf-e-parana\/#webpage\"},\"author\":{\"@id\":\"http:\/\/x3transport.com.br\/blog\/#\/schema\/person\/1a50357bc0a67569a4b67d2a87160040\"},\"headline\":\"MDF-e &#8211; Paran\u00e1\",\"datePublished\":\"2017-12-12T15:01:56+00:00\",\"dateModified\":\"2017-12-12T15:01:56+00:00\",\"mainEntityOfPage\":{\"@id\":\"http:\/\/x3transport.com.br\/blog\/mdf-e-parana\/#webpage\"},\"wordCount\":140,\"commentCount\":0,\"publisher\":{\"@id\":\"http:\/\/x3transport.com.br\/blog\/#organization\"},\"image\":{\"@id\":\"http:\/\/x3transport.com.br\/blog\/mdf-e-parana\/#primaryimage\"},\"thumbnailUrl\":\"http:\/\/x3transport.com.br\/blog\/wp-content\/uploads\/2017\/12\/mdfepr-300x250.png\",\"keywords\":[\"ct-e\",\"MDF-e\",\"Transporte\"],\"articleSection\":[\"CT-e\"],\"inLanguage\":\"pt-BR\",\"potentialAction\":[{\"@type\":\"CommentAction\",\"name\":\"Comment\",\"target\":[\"http:\/\/x3transport.com.br\/blog\/mdf-e-parana\/#respond\"]}]},{\"@type\":\"Person\",\"@id\":\"http:\/\/x3transport.com.br\/blog\/#\/schema\/person\/1a50357bc0a67569a4b67d2a87160040\",\"name\":\"x3transport\",\"image\":{\"@type\":\"ImageObject\",\"@id\":\"http:\/\/x3transport.com.br\/blog\/#personlogo\",\"inLanguage\":\"pt-BR\",\"url\":\"http:\/\/1.gravatar.com\/avatar\/d0f235b9a64849e8c8f5b5db8db1047b?s=96&d=mm&r=g\",\"contentUrl\":\"http:\/\/1.gravatar.com\/avatar\/d0f235b9a64849e8c8f5b5db8db1047b?s=96&d=mm&r=g\",\"caption\":\"x3transport\"},\"url\":\"http:\/\/x3transport.com.br\/blog\/author\/x3transport\/\"}]}<\/script>\n<!-- \/ Yoast SEO plugin. -->","yoast_head_json":{"title":"MDF-e - Paran\u00e1 -","robots":{"index":"index","follow":"follow","max-snippet":"max-snippet:-1","max-image-preview":"max-image-preview:large","max-video-preview":"max-video-preview:-1"},"canonical":"http:\/\/x3transport.com.br\/blog\/mdf-e-parana\/","og_locale":"pt_BR","og_type":"article","og_title":"MDF-e - Obrigat\u00f3rio no Paran\u00e1","og_description":"A partir de 01\/02\/2018 as opera\u00e7\u00f5es de transporte interna obriga ao emitente de CT-e a emitir tamb\u00e9m o MDF-e para acompanhar a carga.","og_url":"http:\/\/x3transport.com.br\/blog\/mdf-e-parana\/","article_publisher":"https:\/\/www.facebook.com\/x3Transport\/","article_published_time":"2017-12-12T15:01:56+00:00","og_image":[{"width":1200,"height":1000,"url":"http:\/\/x3transport.com.br\/blog\/wp-content\/uploads\/2017\/12\/mdfepr.png","type":"image\/png"}],"twitter_card":"summary","twitter_misc":{"Escrito por":"x3transport","Est. tempo de leitura":"1 minuto"},"schema":{"@context":"https:\/\/schema.org","@graph":[{"@type":"Organization","@id":"http:\/\/x3transport.com.br\/blog\/#organization","name":"x3 Transport","url":"http:\/\/x3transport.com.br\/blog\/","sameAs":["https:\/\/www.facebook.com\/x3Transport\/","https:\/\/www.instagram.com\/x3transport\/"],"logo":{"@type":"ImageObject","@id":"http:\/\/x3transport.com.br\/blog\/#logo","inLanguage":"pt-BR","url":"http:\/\/x3transport.com.br\/blog\/wp-content\/uploads\/2017\/11\/logo.png","contentUrl":"http:\/\/x3transport.com.br\/blog\/wp-content\/uploads\/2017\/11\/logo.png","width":399,"height":281,"caption":"x3 Transport"},"image":{"@id":"http:\/\/x3transport.com.br\/blog\/#logo"}},{"@type":"WebSite","@id":"http:\/\/x3transport.com.br\/blog\/#website","url":"http:\/\/x3transport.com.br\/blog\/","name":"","description":"x3 Transport","publisher":{"@id":"http:\/\/x3transport.com.br\/blog\/#organization"},"potentialAction":[{"@type":"SearchAction","target":{"@type":"EntryPoint","urlTemplate":"http:\/\/x3transport.com.br\/blog\/?s={search_term_string}"},"query-input":"required name=search_term_string"}],"inLanguage":"pt-BR"},{"@type":"ImageObject","@id":"http:\/\/x3transport.com.br\/blog\/mdf-e-parana\/#primaryimage","inLanguage":"pt-BR","url":"http:\/\/x3transport.com.br\/blog\/wp-content\/uploads\/2017\/12\/mdfepr.png","contentUrl":"http:\/\/x3transport.com.br\/blog\/wp-content\/uploads\/2017\/12\/mdfepr.png","width":1200,"height":1000},{"@type":"WebPage","@id":"http:\/\/x3transport.com.br\/blog\/mdf-e-parana\/#webpage","url":"http:\/\/x3transport.com.br\/blog\/mdf-e-parana\/","name":"MDF-e - Paran\u00e1 -","isPartOf":{"@id":"http:\/\/x3transport.com.br\/blog\/#website"},"primaryImageOfPage":{"@id":"http:\/\/x3transport.com.br\/blog\/mdf-e-parana\/#primaryimage"},"datePublished":"2017-12-12T15:01:56+00:00","dateModified":"2017-12-12T15:01:56+00:00","breadcrumb":{"@id":"http:\/\/x3transport.com.br\/blog\/mdf-e-parana\/#breadcrumb"},"inLanguage":"pt-BR","potentialAction":[{"@type":"ReadAction","target":["http:\/\/x3transport.com.br\/blog\/mdf-e-parana\/"]}]},{"@type":"BreadcrumbList","@id":"http:\/\/x3transport.com.br\/blog\/mdf-e-parana\/#breadcrumb","itemListElement":[{"@type":"ListItem","position":1,"name":"In\u00edcio","item":"http:\/\/x3transport.com.br\/blog\/"},{"@type":"ListItem","position":2,"name":"MDF-e &#8211; Paran\u00e1"}]},{"@type":"Article","@id":"http:\/\/x3transport.com.br\/blog\/mdf-e-parana\/#article","isPartOf":{"@id":"http:\/\/x3transport.com.br\/blog\/mdf-e-parana\/#webpage"},"author":{"@id":"http:\/\/x3transport.com.br\/blog\/#\/schema\/person\/1a50357bc0a67569a4b67d2a87160040"},"headline":"MDF-e &#8211; Paran\u00e1","datePublished":"2017-12-12T15:01:56+00:00","dateModified":"2017-12-12T15:01:56+00:00","mainEntityOfPage":{"@id":"http:\/\/x3transport.com.br\/blog\/mdf-e-parana\/#webpage"},"wordCount":140,"commentCount":0,"publisher":{"@id":"http:\/\/x3transport.com.br\/blog\/#organization"},"image":{"@id":"http:\/\/x3transport.com.br\/blog\/mdf-e-parana\/#primaryimage"},"thumbnailUrl":"http:\/\/x3transport.com.br\/blog\/wp-content\/uploads\/2017\/12\/mdfepr-300x250.png","keywords":["ct-e","MDF-e","Transporte"],"articleSection":["CT-e"],"inLanguage":"pt-BR","potentialAction":[{"@type":"CommentAction","name":"Comment","target":["http:\/\/x3transport.com.br\/blog\/mdf-e-parana\/#respond"]}]},{"@type":"Person","@id":"http:\/\/x3transport.com.br\/blog\/#\/schema\/person\/1a50357bc0a67569a4b67d2a87160040","name":"x3transport","image":{"@type":"ImageObject","@id":"http:\/\/x3transport.com.br\/blog\/#personlogo","inLanguage":"pt-BR","url":"http:\/\/1.gravatar.com\/avatar\/d0f235b9a64849e8c8f5b5db8db1047b?s=96&d=mm&r=g","contentUrl":"http:\/\/1.gravatar.com\/avatar\/d0f235b9a64849e8c8f5b5db8db1047b?s=96&d=mm&r=g","caption":"x3transport"},"url":"http:\/\/x3transport.com.br\/blog\/author\/x3transport\/"}]}},"_links":{"self":[{"href":"http:\/\/x3transport.com.br\/blog\/wp-json\/wp\/v2\/posts\/145"}],"collection":[{"href":"http:\/\/x3transport.com.br\/blog\/wp-json\/wp\/v2\/posts"}],"about":[{"href":"http:\/\/x3transport.com.br\/blog\/wp-json\/wp\/v2\/types\/post"}],"author":[{"embeddable":true,"href":"http:\/\/x3transport.com.br\/blog\/wp-json\/wp\/v2\/users\/1"}],"replies":[{"embeddable":true,"href":"http:\/\/x3transport.com.br\/blog\/wp-json\/wp\/v2\/comments?post=145"}],"version-history":[{"count":2,"href":"http:\/\/x3transport.com.br\/blog\/wp-json\/wp\/v2\/posts\/145\/revisions"}],"predecessor-version":[{"id":148,"href":"http:\/\/x3transport.com.br\/blog\/wp-json\/wp\/v2\/posts\/145\/revisions\/148"}],"wp:attachment":[{"href":"http:\/\/x3transport.com.br\/blog\/wp-json\/wp\/v2\/media?parent=145"}],"wp:term":[{"taxonomy":"category","embeddable":true,"href":"http:\/\/x3transport.com.br\/blog\/wp-json\/wp\/v2\/categories?post=145"},{"taxonomy":"post_tag","embeddable":true,"href":"http:\/\/x3transport.com.br\/blog\/wp-json\/wp\/v2\/tags?post=145"}],"curies":[{"name":"wp","href":"https:\/\/api.w.org\/{rel}","templated":true}]}}